{"id":125964,"date":"2020-04-30T06:14:14","date_gmt":"2020-04-30T13:14:14","guid":{"rendered":"https:\/\/youcubed2stg.wpengine.com\/?post_type=wim_post&#038;p=125964"},"modified":"2020-04-30T06:14:14","modified_gmt":"2020-04-30T13:14:14","slug":"arte-dos-padroes-6o-8o-anos","status":"publish","type":"wim_post","link":"https:\/\/www.youcubed.org\/pt-br\/wim\/arte-dos-padroes-6o-8o-anos\/","title":{"rendered":"Arte dos Padr\u00f5es (6\u00ba &#8211; 8\u00ba anos)"},"content":{"rendered":"<p>Falamos sobre como a matem\u00e1tica \u00e9 uma mat\u00e9ria criativa e aberta &#8211; esta atividade, por sua vez, promete conectar algumas obras de arte com a matem\u00e1tica. O artista contempor\u00e2neo Sol LeWitt usou linhas, quadrados, e cubos para criar murais e estruturas tridimensionais.<\/p>\n","protected":false},"featured_media":124980,"template":"","meta":{"_acf_changed":false,"_bbp_topic_count":0,"_bbp_reply_count":0,"_bbp_total_topic_count":0,"_bbp_total_reply_count":0,"_bbp_voice_count":0,"_bbp_anonymous_reply_count":0,"_bbp_topic_count_hidden":0,"_bbp_reply_count_hidden":0,"_bbp_forum_subforum_count":0,"_links_to":"","_links_to_target":""},"wim_category":[323],"wim_topic":[324,325,326],"wim_grade":[334,335,336],"class_list":["post-125964","wim_post","type-wim_post","status-publish","has-post-thumbnail","hentry"],"featured_image":{"id":124980,"alt_text":"","caption":"","description":"","media_type":"image","media_details":{"width":1041,"height":1041,"file":"2020\/01\/Art-of-Patterns-Image-reduced.jpg","sizes":{"thumbnail":{"file":"Art-of-Patterns-Image-reduced-150x150.jpg","width":150,"height":150,"mime-type":"image\/jpeg","source_url":"https:\/\/www.youcubed.org\/wp-content\/uploads\/2020\/01\/Art-of-Patterns-Image-reduced-150x150.jpg"},"medium":{"file":"Art-of-Patterns-Image-reduced-300x300.jpg","width":300,"height":300,"mime-type":"image\/jpeg","source_url":"https:\/\/www.youcubed.org\/wp-content\/uploads\/2020\/01\/Art-of-Patterns-Image-reduced-300x300.jpg"},"large":{"file":"Art-of-Patterns-Image-reduced-1024x1024.jpg","width":1024,"height":1024,"mime-type":"image\/jpeg","source_url":"https:\/\/www.youcubed.org\/wp-content\/uploads\/2020\/01\/Art-of-Patterns-Image-reduced-1024x1024.jpg"},"500x410":{"file":"Art-of-Patterns-Image-reduced-500x410.jpg","width":500,"height":410,"mime-type":"image\/jpeg","source_url":"https:\/\/www.youcubed.org\/wp-content\/uploads\/2020\/01\/Art-of-Patterns-Image-reduced-500x410.jpg"}},"image_meta":{"aperture":"0","credit":"","camera":"","caption":"","created_timestamp":"0","copyright":"","focal_length":"0","iso":"0","shutter_speed":"0","title":"","orientation":"0","keywords":[]}},"post":125226,"source_url":"https:\/\/www.youcubed.org\/wp-content\/uploads\/2020\/01\/Art-of-Patterns-Image-reduced.jpg"},"downloads":[{"download":{"ID":125963,"post_author":"10","post_date":"2020-04-30 06:13:04","post_date_gmt":"2020-04-30 13:13:04","post_content":"","post_title":"Arte dos Padr\u00f5es (6\u00ba - 8\u00ba anos)","post_excerpt":"","post_status":"publish","comment_status":"closed","ping_status":"closed","post_password":"","post_name":"arte-dos-padroes-6o-8o-anos","to_ping":"","pinged":"","post_modified":"2020-04-30 06:13:04","post_modified_gmt":"2020-04-30 13:13:04","post_content_filtered":"","post_parent":0,"guid":"https:\/\/youcubed2stg.wpengine.com\/?post_type=tracked_post&#038;p=125963","menu_order":0,"post_type":"tracked_post","post_mime_type":"","comment_count":"0","filter":"raw"},"download_text":"","url":"https:\/\/www.youcubed.org\/pt-br\/downloadable\/arte-dos-padroes-6o-8o-anos\/","video_url":"","video_embed":"","button_text":"Baixar PDF"}],"acf":[],"yoast_head":"<!-- This site is optimized with the Yoast SEO Premium plugin v15.8.2 - https:\/\/yoast.com\/wordpress\/plugins\/seo\/ -->\n<meta name=\"robots\" content=\"index, follow, max-snippet:-1, max-image-preview:large, max-video-preview:-1\" \/>\n<link rel=\"canonical\" href=\"https:\/\/www.youcubed.org\/pt-br\/wim\/arte-dos-padroes-6o-8o-anos\/\" \/>\n<meta property=\"og:locale\" content=\"pt_BR\" \/>\n<meta property=\"og:type\" content=\"article\" \/>\n<meta property=\"og:title\" content=\"Arte dos Padr\u00f5es (6\u00ba - 8\u00ba anos) - YouCubed\" \/>\n<meta property=\"og:description\" content=\"Falamos sobre como a matem\u00e1tica \u00e9 uma mat\u00e9ria criativa e aberta &#8211; esta atividade, por sua vez, promete conectar algumas obras de arte com a matem\u00e1tica. O artista contempor\u00e2neo Sol [&hellip;]\" \/>\n<meta property=\"og:url\" content=\"https:\/\/www.youcubed.org\/pt-br\/wim\/arte-dos-padroes-6o-8o-anos\/\" \/>\n<meta property=\"og:site_name\" content=\"YouCubed\" \/>\n<meta property=\"og:image\" content=\"https:\/\/www.youcubed.org\/wp-content\/uploads\/2020\/01\/Art-of-Patterns-Image-reduced.jpg\" \/>\n\t<meta property=\"og:image:width\" content=\"1041\" \/>\n\t<meta property=\"og:image:height\" content=\"1041\" \/>\n<meta name=\"twitter:card\" content=\"summary_large_image\" \/>\n<script type=\"application\/ld+json\" class=\"yoast-schema-graph\">{\"@context\":\"https:\/\/schema.org\",\"@graph\":[{\"@type\":\"WebSite\",\"@id\":\"https:\/\/www.youcubed.org\/pt-br\/#website\",\"url\":\"https:\/\/www.youcubed.org\/pt-br\/\",\"name\":\"YouCubed\",\"description\":\"Inspire ALL Students with Open, Creative Mindset Mathematics\",\"potentialAction\":[{\"@type\":\"SearchAction\",\"target\":\"https:\/\/www.youcubed.org\/pt-br\/?s={search_term_string}\",\"query-input\":\"required name=search_term_string\"}],\"inLanguage\":\"pt-BR\"},{\"@type\":\"ImageObject\",\"@id\":\"https:\/\/www.youcubed.org\/pt-br\/wim\/arte-dos-padroes-6o-8o-anos\/#primaryimage\",\"inLanguage\":\"pt-BR\",\"url\":\"https:\/\/www.youcubed.org\/wp-content\/uploads\/2020\/01\/Art-of-Patterns-Image-reduced.jpg\",\"width\":1041,\"height\":1041},{\"@type\":\"WebPage\",\"@id\":\"https:\/\/www.youcubed.org\/pt-br\/wim\/arte-dos-padroes-6o-8o-anos\/#webpage\",\"url\":\"https:\/\/www.youcubed.org\/pt-br\/wim\/arte-dos-padroes-6o-8o-anos\/\",\"name\":\"Arte dos Padr\\u00f5es (6\\u00ba - 8\\u00ba anos) - YouCubed\",\"isPartOf\":{\"@id\":\"https:\/\/www.youcubed.org\/pt-br\/#website\"},\"primaryImageOfPage\":{\"@id\":\"https:\/\/www.youcubed.org\/pt-br\/wim\/arte-dos-padroes-6o-8o-anos\/#primaryimage\"},\"datePublished\":\"2020-04-30T13:14:14+00:00\",\"dateModified\":\"2020-04-30T13:14:14+00:00\",\"breadcrumb\":{\"@id\":\"https:\/\/www.youcubed.org\/pt-br\/wim\/arte-dos-padroes-6o-8o-anos\/#breadcrumb\"},\"inLanguage\":\"pt-BR\",\"potentialAction\":[{\"@type\":\"ReadAction\",\"target\":[\"https:\/\/www.youcubed.org\/pt-br\/wim\/arte-dos-padroes-6o-8o-anos\/\"]}]},{\"@type\":\"BreadcrumbList\",\"@id\":\"https:\/\/www.youcubed.org\/pt-br\/wim\/arte-dos-padroes-6o-8o-anos\/#breadcrumb\",\"itemListElement\":[{\"@type\":\"ListItem\",\"position\":1,\"item\":{\"@type\":\"WebPage\",\"@id\":\"https:\/\/www.youcubed.org\/pt-br\/\",\"url\":\"https:\/\/www.youcubed.org\/pt-br\/\",\"name\":\"Home\"}},{\"@type\":\"ListItem\",\"position\":2,\"item\":{\"@type\":\"WebPage\",\"@id\":\"https:\/\/www.youcubed.org\/pt-br\/wim\/arte-dos-padroes-6o-8o-anos\/\",\"url\":\"https:\/\/www.youcubed.org\/pt-br\/wim\/arte-dos-padroes-6o-8o-anos\/\",\"name\":\"Arte dos Padr\\u00f5es (6\\u00ba &#8211; 8\\u00ba anos)\"}}]}]}<\/script>\n<!-- \/ Yoast SEO Premium plugin. -->","_links":{"self":[{"href":"https:\/\/www.youcubed.org\/pt-br\/wp-json\/wp\/v2\/wim_post\/125964","targetHints":{"allow":["GET"]}}],"collection":[{"href":"https:\/\/www.youcubed.org\/pt-br\/wp-json\/wp\/v2\/wim_post"}],"about":[{"href":"https:\/\/www.youcubed.org\/pt-br\/wp-json\/wp\/v2\/types\/wim_post"}],"wp:featuredmedia":[{"embeddable":true,"href":"https:\/\/www.youcubed.org\/pt-br\/wp-json\/wp\/v2\/media\/124980"}],"wp:attachment":[{"href":"https:\/\/www.youcubed.org\/pt-br\/wp-json\/wp\/v2\/media?parent=125964"}],"wp:term":[{"taxonomy":"wim_category","embeddable":true,"href":"https:\/\/www.youcubed.org\/pt-br\/wp-json\/wp\/v2\/wim_category?post=125964"},{"taxonomy":"wim_topic","embeddable":true,"href":"https:\/\/www.youcubed.org\/pt-br\/wp-json\/wp\/v2\/wim_topic?post=125964"},{"taxonomy":"wim_grade","embeddable":true,"href":"https:\/\/www.youcubed.org\/pt-br\/wp-json\/wp\/v2\/wim_grade?post=125964"}],"curies":[{"name":"wp","href":"https:\/\/api.w.org\/{rel}","templated":true}]}}